{"id":1416,"date":"2021-07-19T09:15:49","date_gmt":"2021-07-19T09:15:49","guid":{"rendered":"https:\/\/www.dusnic.es\/blog\/?p=1416"},"modified":"2023-11-17T08:06:59","modified_gmt":"2023-11-17T08:06:59","slug":"entrevista-a-javier-diaz-jefe-de-proyectos-en-dusnic","status":"publish","type":"post","link":"https:\/\/www.dusnic.es\/blog\/entrevista-a-javier-diaz-jefe-de-proyectos-en-dusnic\/","title":{"rendered":"Entrevista a Javier D\u00edaz, Jefe de Proyectos en Dusnic"},"content":{"rendered":"<section class=\"kc-elm kc-css-170159 kc_row\"><div class=\"kc-row-container  kc-container\"><div class=\"kc-wrap-columns\"><div class=\"kc-elm kc-css-787310 kc_col-sm-12 kc_column kc_col-sm-12\"><div class=\"kc-col-container\"><div class=\"kc-elm kc-css-461873 kc_text_block\"><\/p>\n<p>Javier D\u00edaz es uno de los grandes pilares en Dusnic, \u00bf por qu\u00e9\u00a0? Porque adem\u00e1s de crecer en la agencia, tambi\u00e9n ha visto crecer Dusnic.<\/p>\n<p>La trayectoria de Javier comenz\u00f3 cuando empez\u00f3 a estudiar Ingenieria de Telecomunicaci\u00f3n en la Universidad Polit\u00e9ctica de Valencia con la especialidad de Telem\u00e1tica. Como Proyecto de Final de Carrera desarroll\u00f3 una aplicaci\u00f3n de reservas de los espacios de la ETSIT (Escuela T\u00e9cnica Superior de Ingenieros de Telecomunicaci\u00f3n), lo que le permiti\u00f3 coger experiencia en el mundo de las aplicaciones web.<\/p>\n<h2>Tras a\u00f1os como programador web en Dusnic, Javier es el Responsable de Proyectos en el Departamento t\u00e9cnico<\/h2>\n<p><img loading=\"lazy\" decoding=\"async\" class=\"size-full wp-image-1422 alignleft\" src=\"https:\/\/www.dusnic.es\/blog\/wp-content\/uploads\/2021\/07\/javier.jpg\" alt=\"\" width=\"298\" height=\"362\" srcset=\"https:\/\/www.dusnic.es\/blog\/wp-content\/uploads\/2021\/07\/javier.jpg 298w, https:\/\/www.dusnic.es\/blog\/wp-content\/uploads\/2021\/07\/javier-288x350.jpg 288w\" sizes=\"auto, (max-width: 298px) 85vw, 298px\" \/>Pero, \u00bfcu\u00e1ndo comenz\u00f3 su historia en Dusnic\u00a0? Con la llegada de las pr\u00e1cticas en su \u00faltimo a\u00f1o de carrera la escogi\u00f3 como empresa donde aprender y adquirir experiencia en el mundo laboral, lo que no sab\u00eda en ese momento es que sus pr\u00e1cticas se iban a convertir en un empleo que hasta ahora, lleva 12 a\u00f1os ocupando.<\/p>\n<h3>\u00bfPor qu\u00e9 decidiste introducirte en este mundo?<\/h3>\n<p>Realmente mis inicios en el mundo web tienen un punto bastante friki. Por all\u00e1 por el 2006, me inici\u00e9 en los videojuegos online y la cosa fue cogiendo envergadura hasta el punto en que se nos hizo necesaria una web para organizar un campeonato de F1. Debido a mi perfil t\u00e9cnico, era uno de los componentes m\u00e1s adecuados para realizar el reto, as\u00ed que empec\u00e9 a documentarme y me encargu\u00e9 de construir una web para organizar las carreras, las clasificaciones e incluso un foro de discusi\u00f3n.<\/p>\n<p>A partir de ah\u00ed, me interes\u00e9 por el mundillo y empec\u00e9 a hacer cursos relacionados con el dise\u00f1o web con el objetivo de mejorar nuestra p\u00e1gina web.<\/p>\n<p>Supongo que al final la clave es que cuando algo te gusta y te apasiona, la dedicaci\u00f3n es plena.<\/p>\n<h3>\u00bfCu\u00e1l es el principal objetivo de un jefe de Proyectos en una agencia de Desarrollo y Posicionamiento Web?<\/h3>\n<p>El objetivo principal es canalizar todo el trabajo que entra a la empresa para llevarlo a cabo con unos niveles de calidad y rentabilidad definidos. La filosof\u00eda en <a href=\"https:\/\/www.dusnic.es\/\">Dusnic<\/a> es que al finalizar un proyecto el cliente est\u00e9 satisfecho con el trabajo realizado y el proyecto haya sido rentable.<\/p>\n<p>Tan importante como el reto t\u00e9cnico es la gesti\u00f3n de las personas. Por ello, hay que tener muy buen don de gentes tanto con el equipo como con los clientes, para saber reconducir la situaci\u00f3n ante cualquier adversidad que se produzca en el desarrollo del proyecto.<\/p>\n<h3>\u00bfC\u00f3mo es tu d\u00eda a d\u00eda en el trabajo? \u00bf C\u00f3mo organizas el equipo?<\/h3>\n<p>Me gusta planificar con cada miembro del equipo las tareas de forma semanal. Por lo que, normalmente, los lunes me re\u00fano con cada uno de ellos y fijamos los objetivos de la semana. En el d\u00eda a d\u00eda me ocupo de gestionar y supervisar el estado de los proyectos, y de coordinar todas las incidencias que van entrando a la empresa a trav\u00e9s de nuestra aplicaci\u00f3n de soporte, que es quiz\u00e1s el mayor h\u00e1ndicap en nuestro Departamento, ya que a veces nos puede afectar de forma muy negativa a nuestra planificaci\u00f3n del trabajo.<\/p>\n<h3>\u00bfTienes alg\u00fan referente en Desarrollo y dise\u00f1o web?<\/h3>\n<p>No tengo referentes importantes porque en este sector, los programadores nos movemos muchos por los t\u00edpicos foros y webs de programaci\u00f3n (Stack Overflow, GitHub, etc), pero si tuviera que decir un referente quiz\u00e1s ser\u00eda Harald Ponce de Le\u00f3n, creador de osCommerce en el a\u00f1o 2000 y que sin duda fue la mayor revoluci\u00f3n software de c\u00f3digo libre para la creaci\u00f3n de comercios electr\u00f3nicos hasta la fecha. Aprend\u00ed mucho de aquel ecommerce y me inspir\u00f3 para desarrollar nuestra propia tienda online, y a d\u00eda de hoy algunos de nuestros mejores clientes todav\u00eda utilizan dicha plataforma con unos resultados espectaculares.<\/p>\n<h3>\u00bfQu\u00e9 tipo de proyectos hace Dusnic?<\/h3>\n<p>A d\u00eda de hoy Dusnic, principalmente est\u00e1 especializado en proyectos de ecommerce a trav\u00e9s de Prestashop. Tambi\u00e9n hacemos webs corporativas con un CMS propio. Y, en general, cualquier cosa a medida que tenga que ver con web, por eso nos definimos como \u201cartesanos de la web\u201d.<\/p>\n<h3>\u00bfHan evolucionado los ecommerce en Dusnic con el paso de los a\u00f1os?<\/h3>\n<p>Sin duda, como he comentado anteriormente inicialmente por el a\u00f1o 2009 mont\u00e1bamos tiendas online con osCommerce y result\u00f3 ser un aut\u00e9ntico boom.A d\u00eda de hoy, osCommerce se considera un software totalmente obsoleto y el mercado demanda otras plataformas como Prestashop, Magento o WooCommerce. Realmente la filosof\u00eda de carrito de compra sigue siendo la misma, pero lo que ha cambiado ha sido la estandarizaci\u00f3n de las plataformas para que la integraci\u00f3n con los diversos m\u00f3dulos de pago, agencias de transporte, marketplaces, etc, sea mucho m\u00e1s sencilla y econ\u00f3mica para el comercio.Por ejemplo, hoy en d\u00eda, si quieres instalar en tu tienda online un TPV Virtual dispones del m\u00f3dulo de Redsys que abarca las mayor\u00eda de entidades bancarias espa\u00f1olas. Solo hay que instalar y configurar el m\u00f3dulo en unos pocos pasos.<\/p>\n<p>Hace 12 a\u00f1os, cuando hab\u00eda que instalar un TPV Virtual, recib\u00edas la documentaci\u00f3n t\u00e9cnica del\u00a0 banco y hab\u00eda que programar el <a href=\"https:\/\/www.modulosprestashop.com\/es\/\">m\u00f3dulo<\/a> desde cero. Y cada banco ten\u00eda su particular implementaci\u00f3n, por lo que inicialmente tuvimos que realizar muchos desarrollos a medida para poder dar ese servicio de pago en las tiendas online.<\/p>\n<h3>\u00bfEn qu\u00e9 afecta el desarrollo web al posicionamiento?<\/h3>\n<p>El dise\u00f1o web es vital para conseguir un posicionamiento. Aunque es cierto que ya no se debe priorizar el dise\u00f1o web frente al posicionamiento, la clave es encontrar ese equilibrio entre ambos. Hoy en d\u00eda uno de los factores que m\u00e1s tienen en cuenta los buscadores es la velocidad de carga de una web. Por ello, es necesario realizar una buena optimizaci\u00f3n web, implementar sistemas de cach\u00e9 cuando sea necesario, no exceder el peso de las im\u00e1genes, etc. Otros factores que se tienen en cuenta es un buen dise\u00f1o responsive, que la web sea usable, la estructura de urls, que utilice SSL, en definitiva hay un muchos aspectos t\u00e9cnicos que se deben tener en cuenta si se desea conseguir un buen posicionamiento.<\/p>\n<p>Muchas gracias Javier por dar a conocer la vida en la agencia. Si quieres conocer todos nuestros servicios de desarrollo web no dudes en <a href=\"https:\/\/www.dusnic.es\/presupuesto\">contactar con Dusnic<\/a><\/p><\/p>\n<\/div><\/div><\/div><\/div><\/div><\/section>","protected":false},"excerpt":{"rendered":"","protected":false},"author":1,"featured_media":1423,"comment_status":"closed","ping_status":"closed","sticky":false,"template":"","format":"standard","meta":{"footnotes":""},"categories":[5],"tags":[],"class_list":["post-1416","post","type-post","status-publish","format-standard","has-post-thumbnail","hentry","category-general"],"yoast_head":"<!-- This site is optimized with the Yoast SEO plugin v24.9 - https:\/\/yoast.com\/wordpress\/plugins\/seo\/ -->\n<title>Blog de Dusnic - Tu Blog de marketing digital<\/title>\n<meta name=\"description\" content=\"Conoce a nuestro Jefe de proyectos, Javier D\u00edaz. Conoce c\u00f3mo se organiza el departamento de desarrollo web y a su jefe de proyectos\" \/>\n<meta name=\"robots\" content=\"index, follow, max-snippet:-1, max-image-preview:large, max-video-preview:-1\" \/>\n<link rel=\"canonical\" href=\"https:\/\/www.dusnic.es\/blog\/entrevista-a-javier-diaz-jefe-de-proyectos-en-dusnic\/\" \/>\n<meta property=\"og:locale\" content=\"es_ES\" \/>\n<meta property=\"og:type\" content=\"article\" \/>\n<meta property=\"og:title\" content=\"Blog de Dusnic - Tu Blog de marketing digital\" \/>\n<meta property=\"og:description\" content=\"Conoce a nuestro Jefe de proyectos, Javier D\u00edaz. Conoce c\u00f3mo se organiza el departamento de desarrollo web y a su jefe de proyectos\" \/>\n<meta property=\"og:url\" content=\"https:\/\/www.dusnic.es\/blog\/entrevista-a-javier-diaz-jefe-de-proyectos-en-dusnic\/\" \/>\n<meta property=\"og:site_name\" content=\"Dusnic Blog\" \/>\n<meta property=\"article:published_time\" content=\"2021-07-19T09:15:49+00:00\" \/>\n<meta property=\"article:modified_time\" content=\"2023-11-17T08:06:59+00:00\" \/>\n<meta property=\"og:image\" content=\"https:\/\/www.dusnic.es\/blog\/wp-content\/uploads\/2021\/07\/destacado-dusnic.png\" \/>\n\t<meta property=\"og:image:width\" content=\"560\" \/>\n\t<meta property=\"og:image:height\" content=\"315\" \/>\n\t<meta property=\"og:image:type\" content=\"image\/png\" \/>\n<meta name=\"author\" content=\"dusnic\" \/>\n<meta name=\"twitter:card\" content=\"summary_large_image\" \/>\n<meta name=\"twitter:label1\" content=\"Escrito por\" \/>\n\t<meta name=\"twitter:data1\" content=\"dusnic\" \/>\n\t<meta name=\"twitter:label2\" content=\"Tiempo de lectura\" \/>\n\t<meta name=\"twitter:data2\" content=\"5 minutos\" \/>\n<script type=\"application\/ld+json\" class=\"yoast-schema-graph\">{\"@context\":\"https:\/\/schema.org\",\"@graph\":[{\"@type\":\"Article\",\"@id\":\"https:\/\/www.dusnic.es\/blog\/entrevista-a-javier-diaz-jefe-de-proyectos-en-dusnic\/#article\",\"isPartOf\":{\"@id\":\"https:\/\/www.dusnic.es\/blog\/entrevista-a-javier-diaz-jefe-de-proyectos-en-dusnic\/\"},\"author\":{\"name\":\"dusnic\",\"@id\":\"https:\/\/www.dusnic.es\/blog\/#\/schema\/person\/006306c0211e9c9b449d4d4725525344\"},\"headline\":\"Entrevista a Javier D\u00edaz, Jefe de Proyectos en Dusnic\",\"datePublished\":\"2021-07-19T09:15:49+00:00\",\"dateModified\":\"2023-11-17T08:06:59+00:00\",\"mainEntityOfPage\":{\"@id\":\"https:\/\/www.dusnic.es\/blog\/entrevista-a-javier-diaz-jefe-de-proyectos-en-dusnic\/\"},\"wordCount\":1122,\"publisher\":{\"@id\":\"https:\/\/www.dusnic.es\/blog\/#organization\"},\"image\":{\"@id\":\"https:\/\/www.dusnic.es\/blog\/entrevista-a-javier-diaz-jefe-de-proyectos-en-dusnic\/#primaryimage\"},\"thumbnailUrl\":\"https:\/\/www.dusnic.es\/blog\/wp-content\/uploads\/2021\/07\/destacado-dusnic.png\",\"articleSection\":[\"General\"],\"inLanguage\":\"es\"},{\"@type\":\"WebPage\",\"@id\":\"https:\/\/www.dusnic.es\/blog\/entrevista-a-javier-diaz-jefe-de-proyectos-en-dusnic\/\",\"url\":\"https:\/\/www.dusnic.es\/blog\/entrevista-a-javier-diaz-jefe-de-proyectos-en-dusnic\/\",\"name\":\"Blog de Dusnic - Tu Blog de marketing digital\",\"isPartOf\":{\"@id\":\"https:\/\/www.dusnic.es\/blog\/#website\"},\"primaryImageOfPage\":{\"@id\":\"https:\/\/www.dusnic.es\/blog\/entrevista-a-javier-diaz-jefe-de-proyectos-en-dusnic\/#primaryimage\"},\"image\":{\"@id\":\"https:\/\/www.dusnic.es\/blog\/entrevista-a-javier-diaz-jefe-de-proyectos-en-dusnic\/#primaryimage\"},\"thumbnailUrl\":\"https:\/\/www.dusnic.es\/blog\/wp-content\/uploads\/2021\/07\/destacado-dusnic.png\",\"datePublished\":\"2021-07-19T09:15:49+00:00\",\"dateModified\":\"2023-11-17T08:06:59+00:00\",\"description\":\"Conoce a nuestro Jefe de proyectos, Javier D\u00edaz. Conoce c\u00f3mo se organiza el departamento de desarrollo web y a su jefe de proyectos\",\"breadcrumb\":{\"@id\":\"https:\/\/www.dusnic.es\/blog\/entrevista-a-javier-diaz-jefe-de-proyectos-en-dusnic\/#breadcrumb\"},\"inLanguage\":\"es\",\"potentialAction\":[{\"@type\":\"ReadAction\",\"target\":[\"https:\/\/www.dusnic.es\/blog\/entrevista-a-javier-diaz-jefe-de-proyectos-en-dusnic\/\"]}]},{\"@type\":\"ImageObject\",\"inLanguage\":\"es\",\"@id\":\"https:\/\/www.dusnic.es\/blog\/entrevista-a-javier-diaz-jefe-de-proyectos-en-dusnic\/#primaryimage\",\"url\":\"https:\/\/www.dusnic.es\/blog\/wp-content\/uploads\/2021\/07\/destacado-dusnic.png\",\"contentUrl\":\"https:\/\/www.dusnic.es\/blog\/wp-content\/uploads\/2021\/07\/destacado-dusnic.png\",\"width\":560,\"height\":315},{\"@type\":\"BreadcrumbList\",\"@id\":\"https:\/\/www.dusnic.es\/blog\/entrevista-a-javier-diaz-jefe-de-proyectos-en-dusnic\/#breadcrumb\",\"itemListElement\":[{\"@type\":\"ListItem\",\"position\":1,\"name\":\"Portada\",\"item\":\"https:\/\/www.dusnic.es\/blog\/\"},{\"@type\":\"ListItem\",\"position\":2,\"name\":\"Entrevista a Javier D\u00edaz, Jefe de Proyectos en Dusnic\"}]},{\"@type\":\"WebSite\",\"@id\":\"https:\/\/www.dusnic.es\/blog\/#website\",\"url\":\"https:\/\/www.dusnic.es\/blog\/\",\"name\":\"Dusnic Blog\",\"description\":\"Blog de marketing digital, dise\u00f1o web, redes sociales y mucho m\u00e1s. Descubre novedades con el blog de Dusnic\",\"publisher\":{\"@id\":\"https:\/\/www.dusnic.es\/blog\/#organization\"},\"potentialAction\":[{\"@type\":\"SearchAction\",\"target\":{\"@type\":\"EntryPoint\",\"urlTemplate\":\"https:\/\/www.dusnic.es\/blog\/?s={search_term_string}\"},\"query-input\":{\"@type\":\"PropertyValueSpecification\",\"valueRequired\":true,\"valueName\":\"search_term_string\"}}],\"inLanguage\":\"es\"},{\"@type\":\"Organization\",\"@id\":\"https:\/\/www.dusnic.es\/blog\/#organization\",\"name\":\"Dusnic Blog\",\"url\":\"https:\/\/www.dusnic.es\/blog\/\",\"logo\":{\"@type\":\"ImageObject\",\"inLanguage\":\"es\",\"@id\":\"https:\/\/www.dusnic.es\/blog\/#\/schema\/logo\/image\/\",\"url\":\"https:\/\/www.dusnic.es\/blog\/wp-content\/uploads\/2016\/06\/dusnic-logo.jpg\",\"contentUrl\":\"https:\/\/www.dusnic.es\/blog\/wp-content\/uploads\/2016\/06\/dusnic-logo.jpg\",\"width\":201,\"height\":60,\"caption\":\"Dusnic Blog\"},\"image\":{\"@id\":\"https:\/\/www.dusnic.es\/blog\/#\/schema\/logo\/image\/\"}},{\"@type\":\"Person\",\"@id\":\"https:\/\/www.dusnic.es\/blog\/#\/schema\/person\/006306c0211e9c9b449d4d4725525344\",\"name\":\"dusnic\",\"image\":{\"@type\":\"ImageObject\",\"inLanguage\":\"es\",\"@id\":\"https:\/\/www.dusnic.es\/blog\/#\/schema\/person\/image\/\",\"url\":\"https:\/\/secure.gravatar.com\/avatar\/51dad3ced44428d5d15e8115c31b09ad4d71208ca1930142fd9bac020fca6946?s=96&d=blank&r=g\",\"contentUrl\":\"https:\/\/secure.gravatar.com\/avatar\/51dad3ced44428d5d15e8115c31b09ad4d71208ca1930142fd9bac020fca6946?s=96&d=blank&r=g\",\"caption\":\"dusnic\"},\"url\":\"https:\/\/www.dusnic.es\/blog\/author\/dusnic\/\"}]}<\/script>\n<!-- \/ Yoast SEO plugin. -->","yoast_head_json":{"title":"Blog de Dusnic - Tu Blog de marketing digital","description":"Conoce a nuestro Jefe de proyectos, Javier D\u00edaz. Conoce c\u00f3mo se organiza el departamento de desarrollo web y a su jefe de proyectos","robots":{"index":"index","follow":"follow","max-snippet":"max-snippet:-1","max-image-preview":"max-image-preview:large","max-video-preview":"max-video-preview:-1"},"canonical":"https:\/\/www.dusnic.es\/blog\/entrevista-a-javier-diaz-jefe-de-proyectos-en-dusnic\/","og_locale":"es_ES","og_type":"article","og_title":"Blog de Dusnic - Tu Blog de marketing digital","og_description":"Conoce a nuestro Jefe de proyectos, Javier D\u00edaz. Conoce c\u00f3mo se organiza el departamento de desarrollo web y a su jefe de proyectos","og_url":"https:\/\/www.dusnic.es\/blog\/entrevista-a-javier-diaz-jefe-de-proyectos-en-dusnic\/","og_site_name":"Dusnic Blog","article_published_time":"2021-07-19T09:15:49+00:00","article_modified_time":"2023-11-17T08:06:59+00:00","og_image":[{"width":560,"height":315,"url":"https:\/\/www.dusnic.es\/blog\/wp-content\/uploads\/2021\/07\/destacado-dusnic.png","type":"image\/png"}],"author":"dusnic","twitter_card":"summary_large_image","twitter_misc":{"Escrito por":"dusnic","Tiempo de lectura":"5 minutos"},"schema":{"@context":"https:\/\/schema.org","@graph":[{"@type":"Article","@id":"https:\/\/www.dusnic.es\/blog\/entrevista-a-javier-diaz-jefe-de-proyectos-en-dusnic\/#article","isPartOf":{"@id":"https:\/\/www.dusnic.es\/blog\/entrevista-a-javier-diaz-jefe-de-proyectos-en-dusnic\/"},"author":{"name":"dusnic","@id":"https:\/\/www.dusnic.es\/blog\/#\/schema\/person\/006306c0211e9c9b449d4d4725525344"},"headline":"Entrevista a Javier D\u00edaz, Jefe de Proyectos en Dusnic","datePublished":"2021-07-19T09:15:49+00:00","dateModified":"2023-11-17T08:06:59+00:00","mainEntityOfPage":{"@id":"https:\/\/www.dusnic.es\/blog\/entrevista-a-javier-diaz-jefe-de-proyectos-en-dusnic\/"},"wordCount":1122,"publisher":{"@id":"https:\/\/www.dusnic.es\/blog\/#organization"},"image":{"@id":"https:\/\/www.dusnic.es\/blog\/entrevista-a-javier-diaz-jefe-de-proyectos-en-dusnic\/#primaryimage"},"thumbnailUrl":"https:\/\/www.dusnic.es\/blog\/wp-content\/uploads\/2021\/07\/destacado-dusnic.png","articleSection":["General"],"inLanguage":"es"},{"@type":"WebPage","@id":"https:\/\/www.dusnic.es\/blog\/entrevista-a-javier-diaz-jefe-de-proyectos-en-dusnic\/","url":"https:\/\/www.dusnic.es\/blog\/entrevista-a-javier-diaz-jefe-de-proyectos-en-dusnic\/","name":"Blog de Dusnic - Tu Blog de marketing digital","isPartOf":{"@id":"https:\/\/www.dusnic.es\/blog\/#website"},"primaryImageOfPage":{"@id":"https:\/\/www.dusnic.es\/blog\/entrevista-a-javier-diaz-jefe-de-proyectos-en-dusnic\/#primaryimage"},"image":{"@id":"https:\/\/www.dusnic.es\/blog\/entrevista-a-javier-diaz-jefe-de-proyectos-en-dusnic\/#primaryimage"},"thumbnailUrl":"https:\/\/www.dusnic.es\/blog\/wp-content\/uploads\/2021\/07\/destacado-dusnic.png","datePublished":"2021-07-19T09:15:49+00:00","dateModified":"2023-11-17T08:06:59+00:00","description":"Conoce a nuestro Jefe de proyectos, Javier D\u00edaz. Conoce c\u00f3mo se organiza el departamento de desarrollo web y a su jefe de proyectos","breadcrumb":{"@id":"https:\/\/www.dusnic.es\/blog\/entrevista-a-javier-diaz-jefe-de-proyectos-en-dusnic\/#breadcrumb"},"inLanguage":"es","potentialAction":[{"@type":"ReadAction","target":["https:\/\/www.dusnic.es\/blog\/entrevista-a-javier-diaz-jefe-de-proyectos-en-dusnic\/"]}]},{"@type":"ImageObject","inLanguage":"es","@id":"https:\/\/www.dusnic.es\/blog\/entrevista-a-javier-diaz-jefe-de-proyectos-en-dusnic\/#primaryimage","url":"https:\/\/www.dusnic.es\/blog\/wp-content\/uploads\/2021\/07\/destacado-dusnic.png","contentUrl":"https:\/\/www.dusnic.es\/blog\/wp-content\/uploads\/2021\/07\/destacado-dusnic.png","width":560,"height":315},{"@type":"BreadcrumbList","@id":"https:\/\/www.dusnic.es\/blog\/entrevista-a-javier-diaz-jefe-de-proyectos-en-dusnic\/#breadcrumb","itemListElement":[{"@type":"ListItem","position":1,"name":"Portada","item":"https:\/\/www.dusnic.es\/blog\/"},{"@type":"ListItem","position":2,"name":"Entrevista a Javier D\u00edaz, Jefe de Proyectos en Dusnic"}]},{"@type":"WebSite","@id":"https:\/\/www.dusnic.es\/blog\/#website","url":"https:\/\/www.dusnic.es\/blog\/","name":"Dusnic Blog","description":"Blog de marketing digital, dise\u00f1o web, redes sociales y mucho m\u00e1s. Descubre novedades con el blog de Dusnic","publisher":{"@id":"https:\/\/www.dusnic.es\/blog\/#organization"},"potentialAction":[{"@type":"SearchAction","target":{"@type":"EntryPoint","urlTemplate":"https:\/\/www.dusnic.es\/blog\/?s={search_term_string}"},"query-input":{"@type":"PropertyValueSpecification","valueRequired":true,"valueName":"search_term_string"}}],"inLanguage":"es"},{"@type":"Organization","@id":"https:\/\/www.dusnic.es\/blog\/#organization","name":"Dusnic Blog","url":"https:\/\/www.dusnic.es\/blog\/","logo":{"@type":"ImageObject","inLanguage":"es","@id":"https:\/\/www.dusnic.es\/blog\/#\/schema\/logo\/image\/","url":"https:\/\/www.dusnic.es\/blog\/wp-content\/uploads\/2016\/06\/dusnic-logo.jpg","contentUrl":"https:\/\/www.dusnic.es\/blog\/wp-content\/uploads\/2016\/06\/dusnic-logo.jpg","width":201,"height":60,"caption":"Dusnic Blog"},"image":{"@id":"https:\/\/www.dusnic.es\/blog\/#\/schema\/logo\/image\/"}},{"@type":"Person","@id":"https:\/\/www.dusnic.es\/blog\/#\/schema\/person\/006306c0211e9c9b449d4d4725525344","name":"dusnic","image":{"@type":"ImageObject","inLanguage":"es","@id":"https:\/\/www.dusnic.es\/blog\/#\/schema\/person\/image\/","url":"https:\/\/secure.gravatar.com\/avatar\/51dad3ced44428d5d15e8115c31b09ad4d71208ca1930142fd9bac020fca6946?s=96&d=blank&r=g","contentUrl":"https:\/\/secure.gravatar.com\/avatar\/51dad3ced44428d5d15e8115c31b09ad4d71208ca1930142fd9bac020fca6946?s=96&d=blank&r=g","caption":"dusnic"},"url":"https:\/\/www.dusnic.es\/blog\/author\/dusnic\/"}]}},"_links":{"self":[{"href":"https:\/\/www.dusnic.es\/blog\/wp-json\/wp\/v2\/posts\/1416","targetHints":{"allow":["GET"]}}],"collection":[{"href":"https:\/\/www.dusnic.es\/blog\/wp-json\/wp\/v2\/posts"}],"about":[{"href":"https:\/\/www.dusnic.es\/blog\/wp-json\/wp\/v2\/types\/post"}],"author":[{"embeddable":true,"href":"https:\/\/www.dusnic.es\/blog\/wp-json\/wp\/v2\/users\/1"}],"replies":[{"embeddable":true,"href":"https:\/\/www.dusnic.es\/blog\/wp-json\/wp\/v2\/comments?post=1416"}],"version-history":[{"count":6,"href":"https:\/\/www.dusnic.es\/blog\/wp-json\/wp\/v2\/posts\/1416\/revisions"}],"predecessor-version":[{"id":2135,"href":"https:\/\/www.dusnic.es\/blog\/wp-json\/wp\/v2\/posts\/1416\/revisions\/2135"}],"wp:featuredmedia":[{"embeddable":true,"href":"https:\/\/www.dusnic.es\/blog\/wp-json\/wp\/v2\/media\/1423"}],"wp:attachment":[{"href":"https:\/\/www.dusnic.es\/blog\/wp-json\/wp\/v2\/media?parent=1416"}],"wp:term":[{"taxonomy":"category","embeddable":true,"href":"https:\/\/www.dusnic.es\/blog\/wp-json\/wp\/v2\/categories?post=1416"},{"taxonomy":"post_tag","embeddable":true,"href":"https:\/\/www.dusnic.es\/blog\/wp-json\/wp\/v2\/tags?post=1416"}],"curies":[{"name":"wp","href":"https:\/\/api.w.org\/{rel}","templated":true}]}}